{"id":121,"date":"2021-12-04T14:07:53","date_gmt":"2021-12-04T13:07:53","guid":{"rendered":"http:\/\/www.artmeiers.de\/?p=121"},"modified":"2021-12-05T18:40:54","modified_gmt":"2021-12-05T17:40:54","slug":"dorfwirtshaus-zaehlt-ueber-530-jahre","status":"publish","type":"post","link":"https:\/\/www.artmeiers.de\/index.php\/2021\/12\/04\/dorfwirtshaus-zaehlt-ueber-530-jahre\/","title":{"rendered":"Dorfwirtshaus z\u00e4hlt \u00fcber 500 Jahre"},"content":{"rendered":"\n<p>Im Juni 1481 wurde das Wirtshaus in Einf\u00fcrst erstmals urkundlich erw\u00e4hnt. Am 17. Juni 1481, als Johann der Degenberger, Erbhofmeister in Bayern, von Heinrich Nothaft dem J\u00fcngeren zu Wernberg die &#8218;G\u00fclten&#8216; (Abgaben) aus der Taferne zu Einf\u00fcrst erwarb.<\/p>\n\n\n\n<p>Anl\u00e4sslich dieses Ereignisses wurde das 500-j\u00e4hrige Bestehen des Geb\u00e4udes gefeiert, dar\u00fcber berichtet ein Zeitungsartikel aus dem Straubinger Tagblatt im Juli 1981.<\/p>\n\n\n\n<blockquote class=\"wp-block-quote is-layout-flow wp-block-quote-is-layout-flow\"><p>Weil man gut essen, trinken ko, drum freut sich&#8217;s Weiberl und der Mo&#8216;. Und&#8217;s Wirtshaus is blim f\u00fcnfhundert Jahr, genau a so, wias aufbaut war. So leb&#8216; denn hoch du H\u00e4userl hier, als unserer Heimat edle Zier.<\/p><cite>B\u00fcrgermeister Sepp Deschl bei der Jubil\u00e4umsfeier im Juli 1981<\/cite><\/blockquote>\n\n\n\n<figure class=\"wp-block-gallery aligncenter columns-3 is-cropped wp-block-gallery-1 is-layout-flex wp-block-gallery-is-layout-flex\"><ul class=\"blocks-gallery-grid\"><li class=\"blocks-gallery-item\"><figure><img loading=\"lazy\" decoding=\"async\" width=\"678\" height=\"1024\" src=\"https:\/\/www.artmeiers.de\/wp-content\/uploads\/2021\/12\/DSC_0150-1-678x1024.jpg\" alt=\"\" data-id=\"171\" data-full-url=\"https:\/\/www.artmeiers.de\/wp-content\/uploads\/2021\/12\/DSC_0150-1-scaled.jpg\" data-link=\"https:\/\/www.artmeiers.de\/index.php\/2021\/12\/04\/dorfwirtshaus-zaehlt-ueber-530-jahre\/dsc_0150-1\/\" class=\"wp-image-171\" srcset=\"https:\/\/www.artmeiers.de\/wp-content\/uploads\/2021\/12\/DSC_0150-1-678x1024.jpg 678w, https:\/\/www.artmeiers.de\/wp-content\/uploads\/2021\/12\/DSC_0150-1-199x300.jpg 199w, https:\/\/www.artmeiers.de\/wp-content\/uploads\/2021\/12\/DSC_0150-1-768x1160.jpg 768w, https:\/\/www.artmeiers.de\/wp-content\/uploads\/2021\/12\/DSC_0150-1-1017x1536.jpg 1017w, https:\/\/www.artmeiers.de\/wp-content\/uploads\/2021\/12\/DSC_0150-1-1356x2048.jpg 1356w, https:\/\/www.artmeiers.de\/wp-content\/uploads\/2021\/12\/DSC_0150-1-scaled.jpg 1696w\" sizes=\"auto, (max-width: 678px) 100vw, 678px\" \/><\/figure><\/li><li class=\"blocks-gallery-item\"><figure><img loading=\"lazy\" decoding=\"async\" width=\"1024\" height=\"678\" src=\"https:\/\/www.artmeiers.de\/wp-content\/uploads\/2021\/12\/DSC_0154-1024x678.jpg\" alt=\"\" data-id=\"172\" data-full-url=\"https:\/\/www.artmeiers.de\/wp-content\/uploads\/2021\/12\/DSC_0154-scaled.jpg\" data-link=\"https:\/\/www.artmeiers.de\/index.php\/2021\/12\/04\/dorfwirtshaus-zaehlt-ueber-530-jahre\/dsc_0154\/\" class=\"wp-image-172\" srcset=\"https:\/\/www.artmeiers.de\/wp-content\/uploads\/2021\/12\/DSC_0154-1024x678.jpg 1024w, https:\/\/www.artmeiers.de\/wp-content\/uploads\/2021\/12\/DSC_0154-300x199.jpg 300w, https:\/\/www.artmeiers.de\/wp-content\/uploads\/2021\/12\/DSC_0154-768x509.jpg 768w, https:\/\/www.artmeiers.de\/wp-content\/uploads\/2021\/12\/DSC_0154-1536x1017.jpg 1536w, https:\/\/www.artmeiers.de\/wp-content\/uploads\/2021\/12\/DSC_0154-2048x1356.jpg 2048w\" sizes=\"auto, (max-width: 1024px) 100vw, 1024px\" \/><\/figure><\/li><li class=\"blocks-gallery-item\"><figure><img loading=\"lazy\" decoding=\"async\" width=\"1024\" height=\"678\" src=\"https:\/\/www.artmeiers.de\/wp-content\/uploads\/2021\/12\/DSC_0155-1024x678.jpg\" alt=\"\" data-id=\"173\" data-full-url=\"https:\/\/www.artmeiers.de\/wp-content\/uploads\/2021\/12\/DSC_0155-scaled.jpg\" data-link=\"https:\/\/www.artmeiers.de\/index.php\/2021\/12\/04\/dorfwirtshaus-zaehlt-ueber-530-jahre\/dsc_0155\/\" class=\"wp-image-173\" srcset=\"https:\/\/www.artmeiers.de\/wp-content\/uploads\/2021\/12\/DSC_0155-1024x678.jpg 1024w, https:\/\/www.artmeiers.de\/wp-content\/uploads\/2021\/12\/DSC_0155-300x199.jpg 300w, https:\/\/www.artmeiers.de\/wp-content\/uploads\/2021\/12\/DSC_0155-768x509.jpg 768w, https:\/\/www.artmeiers.de\/wp-content\/uploads\/2021\/12\/DSC_0155-1536x1017.jpg 1536w, https:\/\/www.artmeiers.de\/wp-content\/uploads\/2021\/12\/DSC_0155-2048x1356.jpg 2048w\" sizes=\"auto, (max-width: 1024px) 100vw, 1024px\" \/><\/figure><\/li><li class=\"blocks-gallery-item\"><figure><img loading=\"lazy\" decoding=\"async\" width=\"1024\" height=\"678\" src=\"https:\/\/www.artmeiers.de\/wp-content\/uploads\/2021\/12\/DSC_0159-1024x678.jpg\" alt=\"\" data-id=\"174\" data-full-url=\"https:\/\/www.artmeiers.de\/wp-content\/uploads\/2021\/12\/DSC_0159-scaled.jpg\" data-link=\"https:\/\/www.artmeiers.de\/index.php\/2021\/12\/04\/dorfwirtshaus-zaehlt-ueber-530-jahre\/dsc_0159\/\" class=\"wp-image-174\" srcset=\"https:\/\/www.artmeiers.de\/wp-content\/uploads\/2021\/12\/DSC_0159-1024x678.jpg 1024w, https:\/\/www.artmeiers.de\/wp-content\/uploads\/2021\/12\/DSC_0159-300x199.jpg 300w, https:\/\/www.artmeiers.de\/wp-content\/uploads\/2021\/12\/DSC_0159-768x509.jpg 768w, https:\/\/www.artmeiers.de\/wp-content\/uploads\/2021\/12\/DSC_0159-1536x1017.jpg 1536w, https:\/\/www.artmeiers.de\/wp-content\/uploads\/2021\/12\/DSC_0159-2048x1356.jpg 2048w\" sizes=\"auto, (max-width: 1024px) 100vw, 1024px\" \/><\/figure><\/li><li class=\"blocks-gallery-item\"><figure><img loading=\"lazy\" decoding=\"async\" width=\"678\" height=\"1024\" src=\"https:\/\/www.artmeiers.de\/wp-content\/uploads\/2021\/12\/DSC_0161-678x1024.jpg\" alt=\"\" data-id=\"175\" data-full-url=\"https:\/\/www.artmeiers.de\/wp-content\/uploads\/2021\/12\/DSC_0161-scaled.jpg\" data-link=\"https:\/\/www.artmeiers.de\/index.php\/2021\/12\/04\/dorfwirtshaus-zaehlt-ueber-530-jahre\/dsc_0161\/\" class=\"wp-image-175\" srcset=\"https:\/\/www.artmeiers.de\/wp-content\/uploads\/2021\/12\/DSC_0161-678x1024.jpg 678w, https:\/\/www.artmeiers.de\/wp-content\/uploads\/2021\/12\/DSC_0161-199x300.jpg 199w, https:\/\/www.artmeiers.de\/wp-content\/uploads\/2021\/12\/DSC_0161-768x1160.jpg 768w, https:\/\/www.artmeiers.de\/wp-content\/uploads\/2021\/12\/DSC_0161-1017x1536.jpg 1017w, https:\/\/www.artmeiers.de\/wp-content\/uploads\/2021\/12\/DSC_0161-1356x2048.jpg 1356w, https:\/\/www.artmeiers.de\/wp-content\/uploads\/2021\/12\/DSC_0161-scaled.jpg 1696w\" sizes=\"auto, (max-width: 678px) 100vw, 678px\" \/><\/figure><\/li><li class=\"blocks-gallery-item\"><figure><img loading=\"lazy\" decoding=\"async\" width=\"1024\" height=\"678\" src=\"https:\/\/www.artmeiers.de\/wp-content\/uploads\/2021\/12\/DSC_0162-1024x678.jpg\" alt=\"\" data-id=\"176\" data-full-url=\"https:\/\/www.artmeiers.de\/wp-content\/uploads\/2021\/12\/DSC_0162-scaled.jpg\" data-link=\"https:\/\/www.artmeiers.de\/index.php\/2021\/12\/04\/dorfwirtshaus-zaehlt-ueber-530-jahre\/dsc_0162\/\" class=\"wp-image-176\" srcset=\"https:\/\/www.artmeiers.de\/wp-content\/uploads\/2021\/12\/DSC_0162-1024x678.jpg 1024w, https:\/\/www.artmeiers.de\/wp-content\/uploads\/2021\/12\/DSC_0162-300x199.jpg 300w, https:\/\/www.artmeiers.de\/wp-content\/uploads\/2021\/12\/DSC_0162-768x509.jpg 768w, https:\/\/www.artmeiers.de\/wp-content\/uploads\/2021\/12\/DSC_0162-1536x1017.jpg 1536w, https:\/\/www.artmeiers.de\/wp-content\/uploads\/2021\/12\/DSC_0162-2048x1356.jpg 2048w\" sizes=\"auto, (max-width: 1024px) 100vw, 1024px\" \/><\/figure><\/li><li class=\"blocks-gallery-item\"><figure><img loading=\"lazy\" decoding=\"async\" width=\"1024\" height=\"678\" src=\"https:\/\/www.artmeiers.de\/wp-content\/uploads\/2021\/12\/DSC_0164-1024x678.jpg\" alt=\"\" data-id=\"177\" data-full-url=\"https:\/\/www.artmeiers.de\/wp-content\/uploads\/2021\/12\/DSC_0164-scaled.jpg\" data-link=\"https:\/\/www.artmeiers.de\/index.php\/2021\/12\/04\/dorfwirtshaus-zaehlt-ueber-530-jahre\/dsc_0164\/\" class=\"wp-image-177\" srcset=\"https:\/\/www.artmeiers.de\/wp-content\/uploads\/2021\/12\/DSC_0164-1024x678.jpg 1024w, https:\/\/www.artmeiers.de\/wp-content\/uploads\/2021\/12\/DSC_0164-300x199.jpg 300w, https:\/\/www.artmeiers.de\/wp-content\/uploads\/2021\/12\/DSC_0164-768x509.jpg 768w, https:\/\/www.artmeiers.de\/wp-content\/uploads\/2021\/12\/DSC_0164-1536x1017.jpg 1536w, https:\/\/www.artmeiers.de\/wp-content\/uploads\/2021\/12\/DSC_0164-2048x1356.jpg 2048w\" sizes=\"auto, (max-width: 1024px) 100vw, 1024px\" \/><\/figure><\/li><\/ul><figcaption class=\"blocks-gallery-caption\">Bilder von der 500 Jahr Feier aus dem Zeitungsartikel 1981 und aus der Foto-Sammlung von der Wirtsfamilie Artmeier.<\/figcaption><\/figure>\n","protected":false},"excerpt":{"rendered":"<p>Im Juni 1481 wurde das Wirtshaus in Einf\u00fcrst erstmals urkundlich erw\u00e4hnt. Am 17. Juni 1481, als Johann der Degenberger, Erbhofmeister in Bayern, von Heinrich Nothaft dem J\u00fcngeren zu Wernberg die &#8218;G\u00fclten&#8216; (Abgaben) aus der Taferne zu Einf\u00fcrst erwarb. Anl\u00e4sslich dieses Ereignisses wurde das 500-j\u00e4hrige Bestehen des Geb\u00e4udes gefeiert, dar\u00fcber berichtet ein Zeitungsartikel aus dem Straubinger&hellip;&nbsp;<a href=\"https:\/\/www.artmeiers.de\/index.php\/2021\/12\/04\/dorfwirtshaus-zaehlt-ueber-530-jahre\/\" rel=\"bookmark\">Weiterlesen &raquo;<span class=\"screen-reader-text\">Dorfwirtshaus z\u00e4hlt \u00fcber 500 Jahre<\/span><\/a><\/p>\n","protected":false},"author":2,"featured_media":173,"comment_status":"closed","ping_status":"open","sticky":false,"template":"","format":"standard","meta":{"neve_meta_sidebar":"","neve_meta_container":"","neve_meta_enable_content_width":"","neve_meta_content_width":0,"neve_meta_title_alignment":"","neve_meta_author_avatar":"","neve_post_elements_order":"","neve_meta_disable_header":"","neve_meta_disable_footer":"","neve_meta_disable_title":"","footnotes":""},"categories":[1],"tags":[11,13,12,9,10],"class_list":["post-121","post","type-post","status-publish","format-standard","has-post-thumbnail","hentry","category-allgemein","tag-aelter-als-muenchen","tag-altes-wirtshaus","tag-bayerweg","tag-einfuerst","tag-ortsteil"],"_links":{"self":[{"href":"https:\/\/www.artmeiers.de\/index.php\/wp-json\/wp\/v2\/posts\/121","targetHints":{"allow":["GET"]}}],"collection":[{"href":"https:\/\/www.artmeiers.de\/index.php\/wp-json\/wp\/v2\/posts"}],"about":[{"href":"https:\/\/www.artmeiers.de\/index.php\/wp-json\/wp\/v2\/types\/post"}],"author":[{"embeddable":true,"href":"https:\/\/www.artmeiers.de\/index.php\/wp-json\/wp\/v2\/users\/2"}],"replies":[{"embeddable":true,"href":"https:\/\/www.artmeiers.de\/index.php\/wp-json\/wp\/v2\/comments?post=121"}],"version-history":[{"count":2,"href":"https:\/\/www.artmeiers.de\/index.php\/wp-json\/wp\/v2\/posts\/121\/revisions"}],"predecessor-version":[{"id":178,"href":"https:\/\/www.artmeiers.de\/index.php\/wp-json\/wp\/v2\/posts\/121\/revisions\/178"}],"wp:featuredmedia":[{"embeddable":true,"href":"https:\/\/www.artmeiers.de\/index.php\/wp-json\/wp\/v2\/media\/173"}],"wp:attachment":[{"href":"https:\/\/www.artmeiers.de\/index.php\/wp-json\/wp\/v2\/media?parent=121"}],"wp:term":[{"taxonomy":"category","embeddable":true,"href":"https:\/\/www.artmeiers.de\/index.php\/wp-json\/wp\/v2\/categories?post=121"},{"taxonomy":"post_tag","embeddable":true,"href":"https:\/\/www.artmeiers.de\/index.php\/wp-json\/wp\/v2\/tags?post=121"}],"curies":[{"name":"wp","href":"https:\/\/api.w.org\/{rel}","templated":true}]}}